{"id":351,"date":"2026-04-01T14:37:41","date_gmt":"2026-04-01T14:37:41","guid":{"rendered":"https:\/\/www.perecrespi.es\/?p=351"},"modified":"2026-04-07T14:47:56","modified_gmt":"2026-04-07T14:47:56","slug":"la-responsabilidad-del-administrador-en-mallorca","status":"publish","type":"post","link":"https:\/\/www.perecrespi.es\/index.php\/2026\/04\/01\/la-responsabilidad-del-administrador-en-mallorca\/","title":{"rendered":"La responsabilidad del administrador en Mallorca"},"content":{"rendered":"\n<p>Existe una creencia muy arraigada en el tejido empresarial de Mallorca, especialmente entre las peque\u00f1as y medianas empresas (Pymes), de que constituir una Sociedad de Responsabilidad Limitada (S.L.) es un escudo impenetrable que protege el patrimonio personal de los socios y administradores frente a cualquier desastre econ\u00f3mico del negocio. La teor\u00eda dice que, si la empresa va mal, \u00absolo muere la empresa\u00bb, y que la casa, el coche y los ahorros personales del empresario est\u00e1n a salvo. Lamentablemente, la realidad en los juzgados de lo Mercantil y de lo Penal de Palma es muy distinta.<br><\/p>\n\n\n\n<h2 class=\"wp-block-heading\"><strong>\u00bfCu\u00e1ndo pueden embargar tu patrimonio personal por las deudas de tu empresa?<\/strong><\/h2>\n\n\n\n<p>Ser administrador de una sociedad mercantil no es un simple cargo honor\u00edfico ni un formalismo burocr\u00e1tico; es una profesi\u00f3n de riesgo legal. La Ley de Sociedades de Capital (LSC), la Ley General Tributaria y el C\u00f3digo Penal establecen mecanismos precisos para \u00ablevantar el velo\u00bb societario y hacer que el administrador responda con todos sus bienes presentes y futuros de las deudas de la compa\u00f1\u00eda. En nuestro despacho de Santa Maria del Cam\u00ed, especializado en Derecho Mercantil y Penal-Econ\u00f3mico, vemos con preocupante frecuencia c\u00f3mo empresarios honestos pierden su patrimonio personal por no haber tomado decisiones a tiempo, pecando de optimismo o desconocimiento cuando su negocio entr\u00f3 en crisis.<\/p>\n\n\n\n<p>A continuaci\u00f3n, analizamos detalladamente los tres escenarios en los que el administrador deja de estar protegido y pasa a asumir las deudas de la empresa como propias: la v\u00eda mercantil, la v\u00eda tributaria y la v\u00eda penal.<\/p>\n\n\n\n<h2 class=\"wp-block-heading\"><strong>1. La v\u00eda mercantil: la \u00abcausa de disoluci\u00f3n\u00bb y la responsabilidad objetiva<\/strong><\/h2>\n\n\n\n<p>Este es el mecanismo m\u00e1s autom\u00e1tico y letal, y parad\u00f3jicamente, el m\u00e1s desconocido. Se regula en el art\u00edculo 367 de la Ley de Sociedades de Capital.<\/p>\n\n\n\n<p>La ley establece que una empresa est\u00e1 en <strong>\u00abcausa de disoluci\u00f3n\u00bb<\/strong> cuando sus p\u00e9rdidas han dejado su patrimonio neto reducido a una cantidad inferior a la mitad del capital social. Dicho de forma sencilla: si montaste la empresa con 3.000 euros y las p\u00e9rdidas acumuladas hacen que tu patrimonio real sea inferior a 1.500 euros, est\u00e1s en zona de peligro rojo.<\/p>\n\n\n\n<p>En ese momento, la ley impone al administrador una obligaci\u00f3n estricta: debe convocar una Junta General en el plazo de dos meses para tomar medidas (ampliar capital para cubrir p\u00e9rdidas) o, si no es posible, disolver la sociedad o solicitar el concurso de acreedores.<\/p>\n\n\n\n<p>\u00bfQu\u00e9 pasa si el administrador no hace nada y sigue operando \u00aba ver si la cosa mejora\u00bb? Aqu\u00ed es donde se activa la trampa. Si no convocas la junta o no solicitas el concurso en el plazo de dos meses desde que conociste (o debiste conocer) esa situaci\u00f3n de p\u00e9rdidas, te conviertes autom\u00e1ticamente en <strong>responsable solidario<\/strong> de todas las deudas que la empresa contraiga a partir de ese momento.<\/p>\n\n\n\n<p>Imaginemos un caso t\u00edpico en un pol\u00edgono de Mallorca: una empresa de construcci\u00f3n entra en p\u00e9rdidas graves en enero. El administrador sigue comprando material y contratando servicios. En julio, la empresa cierra definitivamente y deja facturas impagadas. Los proveedores demandar\u00e1n a la empresa, pero al ver que es insolvente, demandar\u00e1n tambi\u00e9n al administrador a t\u00edtulo personal. El juez, al comprobar que la empresa estaba en causa de disoluci\u00f3n en enero y que el administrador no actu\u00f3 en dos meses, condenar\u00e1 al administrador a pagar esas facturas con su dinero personal. No hace falta que el administrador haya robado ni actuado con mala fe; basta con su pasividad ante las p\u00e9rdidas para condenarle.<\/p>\n\n\n\n<h2 class=\"wp-block-heading\"><strong>2. La v\u00eda tributaria y de Seguridad Social: el cierre \u00abde facto\u00bb<\/strong><\/h2>\n\n\n\n<p>Hacienda y la Tesorer\u00eda General de la Seguridad Social (TGSS) son acreedores privilegiados y cuentan con herramientas administrativas muy potentes para cobrar, sin necesidad de ir a un juzgado mercantil. Una de las pr\u00e1cticas m\u00e1s peligrosas y extendidas en Espa\u00f1a es el \u00abcierre de facto\u00bb o \u00abpersianazo\u00bb.<\/p>\n\n\n\n<p>Consiste en que, cuando el negocio va mal, el empresario simplemente deja de operar. Despide o no renueva a los trabajadores, deja el local, da de baja los suministros y deja la sociedad \u00abdurmiente\u00bb o inactiva, pero sin liquidarla legalmente ni presentar concurso, a menudo con deudas pendientes de IVA, IRPF o cuotas de la Seguridad Social.<\/p>\n\n\n\n<p>Esto es un error grav\u00edsimo. La Ley General Tributaria (art\u00edculos 42 y 43) permite la <strong>derivaci\u00f3n de responsabilidad<\/strong>. Si la administraci\u00f3n detecta que la sociedad ha cesado su actividad pero ha dejado deudas pendientes, y que el administrador no ha hecho lo necesario para liquidarla ordenadamente o solicitar el concurso, iniciar\u00e1 un expediente para cobrar esa deuda directamente contra el administrador.<\/p>\n\n\n\n<p>Primero intentar\u00e1n cobrar de los bienes de la empresa. Si no hay (porque se ha cerrado de facto), emitir\u00e1n una resoluci\u00f3n declarando al administrador responsable subsidiario. A partir de ah\u00ed, embargar\u00e1n sus cuentas personales, n\u00f3minas o inmuebles. A diferencia de la v\u00eda mercantil, donde hace falta una demanda de un proveedor y un juicio, Hacienda lo ejecuta por v\u00eda administrativa, siendo mucho m\u00e1s r\u00e1pido y dif\u00edcil de frenar una vez iniciado el expediente.<\/p>\n\n\n\n<h2 class=\"wp-block-heading\"><strong>3. La v\u00eda penal: el delito de insolvencia punible y la frustraci\u00f3n de la ejecuci\u00f3n<\/strong><\/h2>\n\n\n\n<p>Entramos aqu\u00ed en el terreno m\u00e1s delicado, especialidad de nuestro despacho en la vertiente de Derecho Penal-Econ\u00f3mico. Cuando las deudas son elevadas y la gesti\u00f3n ha sido fraudulenta, ya no hablamos solo de perder dinero, sino de la posibilidad de penas de prisi\u00f3n.<\/p>\n\n\n\n<p>El C\u00f3digo Penal castiga la <strong>insolvencia punible<\/strong> (art\u00edculo 259 y siguientes) y el alzamiento de bienes (ahora denominado frustraci\u00f3n de la ejecuci\u00f3n). Esto ocurre cuando el administrador, viendo que el barco se hunde, realiza maniobras para salvar los muebles en perjuicio de los acreedores.<\/p>\n\n\n\n<p>Ejemplos t\u00edpicos que vemos en los tribunales:<\/p>\n\n\n\n<ul class=\"wp-block-list\">\n<li>Vender los veh\u00edculos o maquinaria de la empresa a un familiar o a otra sociedad creada <em>ad hoc<\/em> por un precio rid\u00edculo, para que cuando lleguen los embargos no haya nada.<\/li>\n\n\n\n<li>Traspasar la actividad y los clientes a una nueva sociedad limpia (S.L. Nueva), dejando las deudas en la vieja (S.L. Vieja), lo que se conoce como sucesi\u00f3n de empresa fraudulenta.<\/li>\n\n\n\n<li>Llevar una doble contabilidad o destruir documentaci\u00f3n para impedir que los acreedores conozcan la situaci\u00f3n real.<\/li>\n<\/ul>\n\n\n\n<p>En estos casos, el administrador se enfrenta a penas que pueden ir de 1 a 4 a\u00f1os de prisi\u00f3n, adem\u00e1s de la responsabilidad civil (pagar la deuda) y la inhabilitaci\u00f3n para administrar empresas en el futuro. Es vital entender que el concurso de acreedores no es un delito; el delito es ocultar bienes o agravar la insolvencia dolosamente.<\/p>\n\n\n\n<h2 class=\"wp-block-heading\"><strong>El concurso de acreedores: \u00bfsalvaci\u00f3n o condena?<\/strong><\/h2>\n\n\n\n<p>Frente a este panorama desolador, la Ley Concursal es la herramienta dise\u00f1ada para proteger al administrador diligente. Muchos empresarios tienen miedo a la palabra \u00abconcurso\u00bb (la antigua quiebra) porque lo ven como un fracaso p\u00fablico o la muerte civil. Sin embargo, presentar el concurso a tiempo es, precisamente, el \u00fanico \u00absalvavidas\u00bb legal que evita que las deudas contaminen el patrimonio personal.<\/p>\n\n\n\n<p>Si un administrador detecta que su empresa es insolvente (no puede pagar sus obligaciones corrientes) y solicita el <strong>Concurso Voluntario de Acreedores<\/strong> en el plazo legal de dos meses, est\u00e1 cumpliendo con su deber. El juzgado nombrar\u00e1 un administrador concursal que intentar\u00e1 salvar la empresa (convenio) o liquidarla ordenadamente (vender activos para pagar lo que se pueda).<\/p>\n\n\n\n<p>Si el concurso se declara \u00abfortuito\u00bb (es decir, la quiebra se debe al mercado, a la crisis, a impagos de clientes, y no a trampas del administrador), el juez cerrar\u00e1 la empresa, las deudas impagadas se extinguir\u00e1n (en el caso de la persona jur\u00eddica) y el administrador saldr\u00e1 indemne, conservando su casa y sus ahorros. Nadie le reclamar\u00e1 nada personalmente.<\/p>\n\n\n\n<p>Por el contrario, si el concurso se declara <strong>\u00abculpable\u00bb<\/strong>, ser\u00e1 porque el administrador actu\u00f3 tarde (pasados los dos meses), no llev\u00f3 contabilidad, ocult\u00f3 bienes o no colabor\u00f3 con el juzgado. En este caso de culpabilidad, la sentencia puede condenar al administrador a pagar el \u00abd\u00e9ficit concursal\u00bb, es decir, la parte de la deuda que la empresa no haya podido cubrir con sus activos.<\/p>\n\n\n\n<h2 class=\"wp-block-heading\"><strong>La segunda oportunidad para el administrador<\/strong><\/h2>\n\n\n\n<p>\u00bfQu\u00e9 ocurre si el administrador aval\u00f3 personalmente los pr\u00e9stamos de la empresa? Este es un matiz crucial. Aunque presentes el concurso a tiempo y lo hagas todo bien, si firmaste un aval personal (muy com\u00fan en p\u00f3lizas de cr\u00e9dito bancarias), el banco ir\u00e1 contra ti por el aval, no por tu cargo de administrador, sino por tu firma como avalista.<\/p>\n\n\n\n<p>En este escenario, tras liquidar la empresa, el empresario persona f\u00edsica se queda con una deuda impagable. Aqu\u00ed entra en juego la <strong>Ley de la Segunda Oportunidad<\/strong> (Exoneraci\u00f3n del Pasivo Insatisfecho). Si el empresario act\u00faa de buena fe y cumple los requisitos, puede solicitar judicialmente el perd\u00f3n de sus deudas personales (incluidas las derivadas de avales), permiti\u00e9ndole volver a empezar de cero. Es un procedimiento que en Baleares est\u00e1 funcionando con bastante agilidad y que ha salvado la vida econ\u00f3mica de muchos aut\u00f3nomos y empresarios.<\/p>\n\n\n\n<h3 class=\"wp-block-heading\"><strong>Conclusiones y Consejos Pr\u00e1cticos<\/strong><\/h3>\n\n\n\n<p>Dirigir una empresa implica una gesti\u00f3n de riesgos constante. El error m\u00e1s com\u00fan que detectamos no es la mala fe, sino la inacci\u00f3n por bloqueo emocional. El empresario ve que los n\u00fameros no salen, pero conf\u00eda en que \u00abel mes que viene remontaremos\u00bb, pone dinero de su bolsillo, deja de pagar impuestos para pagar n\u00f3minas (creyendo que es lo correcto moralmente, aunque legalmente le expone m\u00e1s) y deja pasar los plazos legales.<\/p>\n\n\n\n<p>Para proteger tu patrimonio personal, las reglas de oro son:<\/p>\n\n\n\n<ol class=\"wp-block-list\">\n<li><strong>Monitorizaci\u00f3n contable:<\/strong> Debes saber en todo momento si est\u00e1s en causa de disoluci\u00f3n (p\u00e9rdidas > 50% capital social).<\/li>\n\n\n\n<li><strong>Actuaci\u00f3n r\u00e1pida:<\/strong> Ante la insolvencia inminente, tienes dos meses. No esperes al tercero.<\/li>\n\n\n\n<li><strong>Documentaci\u00f3n:<\/strong> Guarda prueba de todas las decisiones, actas de juntas y comunicaciones con acreedores.<\/li>\n\n\n\n<li><strong>No improvises:<\/strong> Traspasar activos o cerrar la persiana sin m\u00e1s es la v\u00eda directa a la responsabilidad personal y penal.<\/li>\n<\/ol>\n\n\n\n<p>En <strong>Pere Cresp\u00ed Abogados<\/strong>, asesoramos a empresas en situaciones de crisis. Nuestro trabajo consiste en analizar si la empresa es viable (reestructuraci\u00f3n) o si debe liquidarse. En ambos casos, nuestro objetivo prioritario es blindar la responsabilidad del administrador para que el cierre de un negocio no suponga la ruina de una vida entera. Si tu empresa atraviesa dificultades, el tiempo corre en tu contra: ases\u00f3rate antes de que venza el plazo.<\/p>\n","protected":false},"excerpt":{"rendered":"<p>Existe una creencia muy arraigada en el tejido empresarial de Mallorca, especialmente entre las peque\u00f1as y medianas empresas (Pymes), de que constituir una Sociedad de Responsabilidad Limitada (S.L.) es un escudo impenetrable que protege el patrimonio personal de los socios y administradores frente a cualquier desastre econ\u00f3mico del negocio. La teor\u00eda dice que, si la [&hellip;]<\/p>\n","protected":false},"author":3,"featured_media":0,"comment_status":"closed","ping_status":"open","sticky":false,"template":"","format":"standard","meta":{"footnotes":""},"categories":[23],"tags":[24],"class_list":["post-351","post","type-post","status-publish","format-standard","hentry","category-derecho-mercantil","tag-derecho-mercantil"],"yoast_head":"<!-- This site is optimized with the Yoast SEO plugin v27.5 - https:\/\/yoast.com\/product\/yoast-seo-wordpress\/ -->\n<title>Responsabilidad del administrador: cu\u00e1ndo respondes con tu patrimonio<\/title>\n<meta name=\"description\" content=\"\u00bfPuedes perder tu patrimonio por deudas de tu empresa? Descubre cu\u00e1ndo responde el administrador y c\u00f3mo evitar embargos y responsabilidades legales.\" \/>\n<meta name=\"robots\" content=\"index, follow, max-snippet:-1, max-image-preview:large, max-video-preview:-1\" \/>\n<link rel=\"canonical\" href=\"https:\/\/www.perecrespi.es\/index.php\/2026\/04\/01\/la-responsabilidad-del-administrador-en-mallorca\/\" \/>\n<meta property=\"og:locale\" content=\"es_ES\" \/>\n<meta property=\"og:type\" content=\"article\" \/>\n<meta property=\"og:title\" content=\"Responsabilidad del administrador: cu\u00e1ndo respondes con tu patrimonio\" \/>\n<meta property=\"og:description\" content=\"\u00bfPuedes perder tu patrimonio por deudas de tu empresa? Descubre cu\u00e1ndo responde el administrador y c\u00f3mo evitar embargos y responsabilidades legales.\" \/>\n<meta property=\"og:url\" content=\"https:\/\/www.perecrespi.es\/index.php\/2026\/04\/01\/la-responsabilidad-del-administrador-en-mallorca\/\" \/>\n<meta property=\"og:site_name\" content=\"Pere Crespi Cabot Abogado\" \/>\n<meta property=\"article:published_time\" content=\"2026-04-01T14:37:41+00:00\" \/>\n<meta property=\"article:modified_time\" content=\"2026-04-07T14:47:56+00:00\" \/>\n<meta name=\"author\" content=\"Pere Cresp\u00ed Cabot\" \/>\n<meta name=\"twitter:card\" content=\"summary_large_image\" \/>\n<meta name=\"twitter:label1\" content=\"Escrito por\" \/>\n\t<meta name=\"twitter:data1\" content=\"Pere Cresp\u00ed Cabot\" \/>\n\t<meta name=\"twitter:label2\" content=\"Tiempo de lectura\" \/>\n\t<meta name=\"twitter:data2\" content=\"8 minutos\" \/>\n<script type=\"application\/ld+json\" class=\"yoast-schema-graph\">{\"@context\":\"https:\\\/\\\/schema.org\",\"@graph\":[{\"@type\":\"Article\",\"@id\":\"https:\\\/\\\/www.perecrespi.es\\\/index.php\\\/2026\\\/04\\\/01\\\/la-responsabilidad-del-administrador-en-mallorca\\\/#article\",\"isPartOf\":{\"@id\":\"https:\\\/\\\/www.perecrespi.es\\\/index.php\\\/2026\\\/04\\\/01\\\/la-responsabilidad-del-administrador-en-mallorca\\\/\"},\"author\":{\"name\":\"Pere Cresp\u00ed Cabot\",\"@id\":\"https:\\\/\\\/www.perecrespi.es\\\/#\\\/schema\\\/person\\\/bf7377dadc372eff50105f8dbfd659ed\"},\"headline\":\"La responsabilidad del administrador en Mallorca\",\"datePublished\":\"2026-04-01T14:37:41+00:00\",\"dateModified\":\"2026-04-07T14:47:56+00:00\",\"mainEntityOfPage\":{\"@id\":\"https:\\\/\\\/www.perecrespi.es\\\/index.php\\\/2026\\\/04\\\/01\\\/la-responsabilidad-del-administrador-en-mallorca\\\/\"},\"wordCount\":1805,\"publisher\":{\"@id\":\"https:\\\/\\\/www.perecrespi.es\\\/#organization\"},\"keywords\":[\"Derecho mercantil\"],\"articleSection\":[\"Derecho mercantil\"],\"inLanguage\":\"es\"},{\"@type\":\"WebPage\",\"@id\":\"https:\\\/\\\/www.perecrespi.es\\\/index.php\\\/2026\\\/04\\\/01\\\/la-responsabilidad-del-administrador-en-mallorca\\\/\",\"url\":\"https:\\\/\\\/www.perecrespi.es\\\/index.php\\\/2026\\\/04\\\/01\\\/la-responsabilidad-del-administrador-en-mallorca\\\/\",\"name\":\"Responsabilidad del administrador: cu\u00e1ndo respondes con tu patrimonio\",\"isPartOf\":{\"@id\":\"https:\\\/\\\/www.perecrespi.es\\\/#website\"},\"datePublished\":\"2026-04-01T14:37:41+00:00\",\"dateModified\":\"2026-04-07T14:47:56+00:00\",\"description\":\"\u00bfPuedes perder tu patrimonio por deudas de tu empresa? Descubre cu\u00e1ndo responde el administrador y c\u00f3mo evitar embargos y responsabilidades legales.\",\"breadcrumb\":{\"@id\":\"https:\\\/\\\/www.perecrespi.es\\\/index.php\\\/2026\\\/04\\\/01\\\/la-responsabilidad-del-administrador-en-mallorca\\\/#breadcrumb\"},\"inLanguage\":\"es\",\"potentialAction\":[{\"@type\":\"ReadAction\",\"target\":[\"https:\\\/\\\/www.perecrespi.es\\\/index.php\\\/2026\\\/04\\\/01\\\/la-responsabilidad-del-administrador-en-mallorca\\\/\"]}]},{\"@type\":\"BreadcrumbList\",\"@id\":\"https:\\\/\\\/www.perecrespi.es\\\/index.php\\\/2026\\\/04\\\/01\\\/la-responsabilidad-del-administrador-en-mallorca\\\/#breadcrumb\",\"itemListElement\":[{\"@type\":\"ListItem\",\"position\":1,\"name\":\"Portada\",\"item\":\"https:\\\/\\\/www.perecrespi.es\\\/\"},{\"@type\":\"ListItem\",\"position\":2,\"name\":\"La responsabilidad del administrador en Mallorca\"}]},{\"@type\":\"WebSite\",\"@id\":\"https:\\\/\\\/www.perecrespi.es\\\/#website\",\"url\":\"https:\\\/\\\/www.perecrespi.es\\\/\",\"name\":\"Pere Crespi Cabot Abogado\",\"description\":\"Abogado\",\"publisher\":{\"@id\":\"https:\\\/\\\/www.perecrespi.es\\\/#organization\"},\"potentialAction\":[{\"@type\":\"SearchAction\",\"target\":{\"@type\":\"EntryPoint\",\"urlTemplate\":\"https:\\\/\\\/www.perecrespi.es\\\/?s={search_term_string}\"},\"query-input\":{\"@type\":\"PropertyValueSpecification\",\"valueRequired\":true,\"valueName\":\"search_term_string\"}}],\"inLanguage\":\"es\"},{\"@type\":\"Organization\",\"@id\":\"https:\\\/\\\/www.perecrespi.es\\\/#organization\",\"name\":\"Pere Crespi Cabot Abogado\",\"url\":\"https:\\\/\\\/www.perecrespi.es\\\/\",\"logo\":{\"@type\":\"ImageObject\",\"inLanguage\":\"es\",\"@id\":\"https:\\\/\\\/www.perecrespi.es\\\/#\\\/schema\\\/logo\\\/image\\\/\",\"url\":\"https:\\\/\\\/www.perecrespi.es\\\/wp-content\\\/uploads\\\/2023\\\/04\\\/logo-1.png\",\"contentUrl\":\"https:\\\/\\\/www.perecrespi.es\\\/wp-content\\\/uploads\\\/2023\\\/04\\\/logo-1.png\",\"width\":746,\"height\":239,\"caption\":\"Pere Crespi Cabot Abogado\"},\"image\":{\"@id\":\"https:\\\/\\\/www.perecrespi.es\\\/#\\\/schema\\\/logo\\\/image\\\/\"}},{\"@type\":\"Person\",\"@id\":\"https:\\\/\\\/www.perecrespi.es\\\/#\\\/schema\\\/person\\\/bf7377dadc372eff50105f8dbfd659ed\",\"name\":\"Pere Cresp\u00ed Cabot\",\"image\":{\"@type\":\"ImageObject\",\"inLanguage\":\"es\",\"@id\":\"https:\\\/\\\/secure.gravatar.com\\\/avatar\\\/bc10cd52870d5b1599e30ae740d9b8bf7afc6986c009c6fc75406ed303f2bbef?s=96&d=mm&r=g\",\"url\":\"https:\\\/\\\/secure.gravatar.com\\\/avatar\\\/bc10cd52870d5b1599e30ae740d9b8bf7afc6986c009c6fc75406ed303f2bbef?s=96&d=mm&r=g\",\"contentUrl\":\"https:\\\/\\\/secure.gravatar.com\\\/avatar\\\/bc10cd52870d5b1599e30ae740d9b8bf7afc6986c009c6fc75406ed303f2bbef?s=96&d=mm&r=g\",\"caption\":\"Pere Cresp\u00ed Cabot\"},\"url\":\"https:\\\/\\\/www.perecrespi.es\\\/index.php\\\/author\\\/perecrespi\\\/\"}]}<\/script>\n<!-- \/ Yoast SEO plugin. -->","yoast_head_json":{"title":"Responsabilidad del administrador: cu\u00e1ndo respondes con tu patrimonio","description":"\u00bfPuedes perder tu patrimonio por deudas de tu empresa? Descubre cu\u00e1ndo responde el administrador y c\u00f3mo evitar embargos y responsabilidades legales.","robots":{"index":"index","follow":"follow","max-snippet":"max-snippet:-1","max-image-preview":"max-image-preview:large","max-video-preview":"max-video-preview:-1"},"canonical":"https:\/\/www.perecrespi.es\/index.php\/2026\/04\/01\/la-responsabilidad-del-administrador-en-mallorca\/","og_locale":"es_ES","og_type":"article","og_title":"Responsabilidad del administrador: cu\u00e1ndo respondes con tu patrimonio","og_description":"\u00bfPuedes perder tu patrimonio por deudas de tu empresa? Descubre cu\u00e1ndo responde el administrador y c\u00f3mo evitar embargos y responsabilidades legales.","og_url":"https:\/\/www.perecrespi.es\/index.php\/2026\/04\/01\/la-responsabilidad-del-administrador-en-mallorca\/","og_site_name":"Pere Crespi Cabot Abogado","article_published_time":"2026-04-01T14:37:41+00:00","article_modified_time":"2026-04-07T14:47:56+00:00","author":"Pere Cresp\u00ed Cabot","twitter_card":"summary_large_image","twitter_misc":{"Escrito por":"Pere Cresp\u00ed Cabot","Tiempo de lectura":"8 minutos"},"schema":{"@context":"https:\/\/schema.org","@graph":[{"@type":"Article","@id":"https:\/\/www.perecrespi.es\/index.php\/2026\/04\/01\/la-responsabilidad-del-administrador-en-mallorca\/#article","isPartOf":{"@id":"https:\/\/www.perecrespi.es\/index.php\/2026\/04\/01\/la-responsabilidad-del-administrador-en-mallorca\/"},"author":{"name":"Pere Cresp\u00ed Cabot","@id":"https:\/\/www.perecrespi.es\/#\/schema\/person\/bf7377dadc372eff50105f8dbfd659ed"},"headline":"La responsabilidad del administrador en Mallorca","datePublished":"2026-04-01T14:37:41+00:00","dateModified":"2026-04-07T14:47:56+00:00","mainEntityOfPage":{"@id":"https:\/\/www.perecrespi.es\/index.php\/2026\/04\/01\/la-responsabilidad-del-administrador-en-mallorca\/"},"wordCount":1805,"publisher":{"@id":"https:\/\/www.perecrespi.es\/#organization"},"keywords":["Derecho mercantil"],"articleSection":["Derecho mercantil"],"inLanguage":"es"},{"@type":"WebPage","@id":"https:\/\/www.perecrespi.es\/index.php\/2026\/04\/01\/la-responsabilidad-del-administrador-en-mallorca\/","url":"https:\/\/www.perecrespi.es\/index.php\/2026\/04\/01\/la-responsabilidad-del-administrador-en-mallorca\/","name":"Responsabilidad del administrador: cu\u00e1ndo respondes con tu patrimonio","isPartOf":{"@id":"https:\/\/www.perecrespi.es\/#website"},"datePublished":"2026-04-01T14:37:41+00:00","dateModified":"2026-04-07T14:47:56+00:00","description":"\u00bfPuedes perder tu patrimonio por deudas de tu empresa? Descubre cu\u00e1ndo responde el administrador y c\u00f3mo evitar embargos y responsabilidades legales.","breadcrumb":{"@id":"https:\/\/www.perecrespi.es\/index.php\/2026\/04\/01\/la-responsabilidad-del-administrador-en-mallorca\/#breadcrumb"},"inLanguage":"es","potentialAction":[{"@type":"ReadAction","target":["https:\/\/www.perecrespi.es\/index.php\/2026\/04\/01\/la-responsabilidad-del-administrador-en-mallorca\/"]}]},{"@type":"BreadcrumbList","@id":"https:\/\/www.perecrespi.es\/index.php\/2026\/04\/01\/la-responsabilidad-del-administrador-en-mallorca\/#breadcrumb","itemListElement":[{"@type":"ListItem","position":1,"name":"Portada","item":"https:\/\/www.perecrespi.es\/"},{"@type":"ListItem","position":2,"name":"La responsabilidad del administrador en Mallorca"}]},{"@type":"WebSite","@id":"https:\/\/www.perecrespi.es\/#website","url":"https:\/\/www.perecrespi.es\/","name":"Pere Crespi Cabot Abogado","description":"Abogado","publisher":{"@id":"https:\/\/www.perecrespi.es\/#organization"},"potentialAction":[{"@type":"SearchAction","target":{"@type":"EntryPoint","urlTemplate":"https:\/\/www.perecrespi.es\/?s={search_term_string}"},"query-input":{"@type":"PropertyValueSpecification","valueRequired":true,"valueName":"search_term_string"}}],"inLanguage":"es"},{"@type":"Organization","@id":"https:\/\/www.perecrespi.es\/#organization","name":"Pere Crespi Cabot Abogado","url":"https:\/\/www.perecrespi.es\/","logo":{"@type":"ImageObject","inLanguage":"es","@id":"https:\/\/www.perecrespi.es\/#\/schema\/logo\/image\/","url":"https:\/\/www.perecrespi.es\/wp-content\/uploads\/2023\/04\/logo-1.png","contentUrl":"https:\/\/www.perecrespi.es\/wp-content\/uploads\/2023\/04\/logo-1.png","width":746,"height":239,"caption":"Pere Crespi Cabot Abogado"},"image":{"@id":"https:\/\/www.perecrespi.es\/#\/schema\/logo\/image\/"}},{"@type":"Person","@id":"https:\/\/www.perecrespi.es\/#\/schema\/person\/bf7377dadc372eff50105f8dbfd659ed","name":"Pere Cresp\u00ed Cabot","image":{"@type":"ImageObject","inLanguage":"es","@id":"https:\/\/secure.gravatar.com\/avatar\/bc10cd52870d5b1599e30ae740d9b8bf7afc6986c009c6fc75406ed303f2bbef?s=96&d=mm&r=g","url":"https:\/\/secure.gravatar.com\/avatar\/bc10cd52870d5b1599e30ae740d9b8bf7afc6986c009c6fc75406ed303f2bbef?s=96&d=mm&r=g","contentUrl":"https:\/\/secure.gravatar.com\/avatar\/bc10cd52870d5b1599e30ae740d9b8bf7afc6986c009c6fc75406ed303f2bbef?s=96&d=mm&r=g","caption":"Pere Cresp\u00ed Cabot"},"url":"https:\/\/www.perecrespi.es\/index.php\/author\/perecrespi\/"}]}},"_links":{"self":[{"href":"https:\/\/www.perecrespi.es\/index.php\/wp-json\/wp\/v2\/posts\/351","targetHints":{"allow":["GET"]}}],"collection":[{"href":"https:\/\/www.perecrespi.es\/index.php\/wp-json\/wp\/v2\/posts"}],"about":[{"href":"https:\/\/www.perecrespi.es\/index.php\/wp-json\/wp\/v2\/types\/post"}],"author":[{"embeddable":true,"href":"https:\/\/www.perecrespi.es\/index.php\/wp-json\/wp\/v2\/users\/3"}],"replies":[{"embeddable":true,"href":"https:\/\/www.perecrespi.es\/index.php\/wp-json\/wp\/v2\/comments?post=351"}],"version-history":[{"count":1,"href":"https:\/\/www.perecrespi.es\/index.php\/wp-json\/wp\/v2\/posts\/351\/revisions"}],"predecessor-version":[{"id":352,"href":"https:\/\/www.perecrespi.es\/index.php\/wp-json\/wp\/v2\/posts\/351\/revisions\/352"}],"wp:attachment":[{"href":"https:\/\/www.perecrespi.es\/index.php\/wp-json\/wp\/v2\/media?parent=351"}],"wp:term":[{"taxonomy":"category","embeddable":true,"href":"https:\/\/www.perecrespi.es\/index.php\/wp-json\/wp\/v2\/categories?post=351"},{"taxonomy":"post_tag","embeddable":true,"href":"https:\/\/www.perecrespi.es\/index.php\/wp-json\/wp\/v2\/tags?post=351"}],"curies":[{"name":"wp","href":"https:\/\/api.w.org\/{rel}","templated":true}]}}